{"id":9172,"date":"2025-07-10T14:29:48","date_gmt":"2025-07-10T13:29:48","guid":{"rendered":"https:\/\/www.mairieberat.fr\/?p=9172"},"modified":"2025-07-10T14:31:03","modified_gmt":"2025-07-10T13:31:03","slug":"publication-marche-public-de-fournitures-commune-de-berat","status":"publish","type":"post","link":"https:\/\/www.mairieberat.fr\/?p=9172","title":{"rendered":"Publication march\u00e9 public de fournitures &#8211; Commune de B\u00e9rat"},"content":{"rendered":"\n<p><strong>Acquisition de mobilier neuf pour la future m\u00e9diath\u00e8que<\/strong><\/p>\n\n\n\n<p>Date limite de r\u00e9ception des offres, jeudi 28 ao\u00fbt 2025 \u00e0 12h00.<\/p>\n\n\n\n<p>L\u2019avis de publicit\u00e9 est consultable sur :<\/p>\n\n\n\n<p>\u00b7 le site internet de la Mairie : https:\/\/www.mairieberat.fr\/<\/p>\n\n\n\n<p>. le site du profil acheteur : https:\/\/www.marches-securises.fr\/perso\/mgirod_repro<\/p>\n\n\n\n<p>. le BOAMP<\/p>\n\n\n\n<p>Le DCE est consultable et t\u00e9l\u00e9chargeable gratuitement sur :<\/p>\n\n\n\n<p>\u00b7 le site internet du profil acheteur : https:\/\/www.marches-securises.fr\/perso\/mgirod_repro<\/p>\n\n\n\n<p>\u00b7 le site internet de la Mairie : https:\/\/www.mairieberat.fr\/<\/p>\n\n\n\n<div data-wp-interactive=\"\" class=\"wp-block-file\"><object data-wp-bind--hidden=\"!selectors.core.file.hasPdfPreview\" hidden class=\"wp-block-file__embed\" data=\"https:\/\/www.mairieberat.fr\/wp-content\/uploads\/Avis-publicite_mobilier-mediatheque.pdf\" type=\"application\/pdf\" style=\"width:100%;height:600px\" aria-label=\"Contenu embarqu\u00e9 Avis-publicite_mobilier-mediatheque.\"><\/object><a id=\"wp-block-file--media-b7f73027-23bf-4251-9f17-2ba094ae5be9\" href=\"https:\/\/www.mairieberat.fr\/wp-content\/uploads\/Avis-publicite_mobilier-mediatheque.pdf\">Avis-publicite_mobilier-mediatheque<\/a><a href=\"https:\/\/www.mairieberat.fr\/wp-content\/uploads\/Avis-publicite_mobilier-mediatheque.pdf\" class=\"wp-block-file__button wp-element-button\" download aria-describedby=\"wp-block-file--media-b7f73027-23bf-4251-9f17-2ba094ae5be9\">T\u00e9l\u00e9charger<\/a><\/div>\n\n\n\n<div data-wp-interactive=\"\" class=\"wp-block-file\"><object data-wp-bind--hidden=\"!selectors.core.file.hasPdfPreview\" hidden class=\"wp-block-file__embed\" data=\"https:\/\/www.mairieberat.fr\/wp-content\/uploads\/RC_mobilier-mediatheque.pdf\" type=\"application\/pdf\" style=\"width:100%;height:600px\" aria-label=\"Contenu embarqu\u00e9 RC_mobilier-mediatheque.\"><\/object><a id=\"wp-block-file--media-da8920c3-91ab-44f5-95d5-26d1d03a19bc\" href=\"https:\/\/www.mairieberat.fr\/wp-content\/uploads\/RC_mobilier-mediatheque.pdf\">RC_mobilier-mediatheque<\/a><a href=\"https:\/\/www.mairieberat.fr\/wp-content\/uploads\/RC_mobilier-mediatheque.pdf\" class=\"wp-block-file__button wp-element-button\" download aria-describedby=\"wp-block-file--media-da8920c3-91ab-44f5-95d5-26d1d03a19bc\">T\u00e9l\u00e9charger<\/a><\/div>\n\n\n\n<div data-wp-interactive=\"\" class=\"wp-block-file\"><object data-wp-bind--hidden=\"!selectors.core.file.hasPdfPreview\" hidden class=\"wp-block-file__embed\" data=\"https:\/\/www.mairieberat.fr\/wp-content\/uploads\/CCAP_mobilier-mediatheque.pdf\" type=\"application\/pdf\" style=\"width:100%;height:600px\" aria-label=\"Contenu embarqu\u00e9 CCAP_mobilier-mediatheque.\"><\/object><a id=\"wp-block-file--media-60fb342f-8d0b-429c-9e05-410b9a588b10\" href=\"https:\/\/www.mairieberat.fr\/wp-content\/uploads\/CCAP_mobilier-mediatheque.pdf\">CCAP_mobilier-mediatheque<\/a><a href=\"https:\/\/www.mairieberat.fr\/wp-content\/uploads\/CCAP_mobilier-mediatheque.pdf\" class=\"wp-block-file__button wp-element-button\" download aria-describedby=\"wp-block-file--media-60fb342f-8d0b-429c-9e05-410b9a588b10\">T\u00e9l\u00e9charger<\/a><\/div>\n\n\n\n<div class=\"wp-block-file\"><a id=\"wp-block-file--media-cc3fa6cf-7ac0-487e-a0d2-f91a86dbcf94\" href=\"https:\/\/www.mairieberat.fr\/wp-content\/uploads\/AE_mobilier-mediatheque.rtf\">AE_mobilier-mediatheque<\/a><a href=\"https:\/\/www.mairieberat.fr\/wp-content\/uploads\/AE_mobilier-mediatheque.rtf\" class=\"wp-block-file__button wp-element-button\" download aria-describedby=\"wp-block-file--media-cc3fa6cf-7ac0-487e-a0d2-f91a86dbcf94\">T\u00e9l\u00e9charger<\/a><\/div>\n\n\n\n<div data-wp-interactive=\"\" class=\"wp-block-file\"><object data-wp-bind--hidden=\"!selectors.core.file.hasPdfPreview\" hidden class=\"wp-block-file__embed\" data=\"https:\/\/www.mairieberat.fr\/wp-content\/uploads\/18.122-PRO-CCTP-Mobilier-b.pdf\" type=\"application\/pdf\" style=\"width:100%;height:600px\" aria-label=\"Contenu embarqu\u00e9 18.122-PRO-CCTP-Mobilier-b.\"><\/object><a id=\"wp-block-file--media-86ba90ed-595b-4aca-b3c3-48578f89930d\" href=\"https:\/\/www.mairieberat.fr\/wp-content\/uploads\/18.122-PRO-CCTP-Mobilier-b.pdf\">18.122-PRO-CCTP-Mobilier-b<\/a><a href=\"https:\/\/www.mairieberat.fr\/wp-content\/uploads\/18.122-PRO-CCTP-Mobilier-b.pdf\" class=\"wp-block-file__button wp-element-button\" download aria-describedby=\"wp-block-file--media-86ba90ed-595b-4aca-b3c3-48578f89930d\">T\u00e9l\u00e9charger<\/a><\/div>\n\n\n\n<div class=\"wp-block-file\"><a id=\"wp-block-file--media-93eab766-42ec-4115-9185-4164a282a75e\" href=\"https:\/\/www.mairieberat.fr\/wp-content\/uploads\/18.122-PRO-BPU-Mobilier.xls\">18.122-PRO-BPU-Mobilier<\/a><a href=\"https:\/\/www.mairieberat.fr\/wp-content\/uploads\/18.122-PRO-BPU-Mobilier.xls\" class=\"wp-block-file__button wp-element-button\" download aria-describedby=\"wp-block-file--media-93eab766-42ec-4115-9185-4164a282a75e\">T\u00e9l\u00e9charger<\/a><\/div>\n\n\n\n<div data-wp-interactive=\"\" class=\"wp-block-file\"><object data-wp-bind--hidden=\"!selectors.core.file.hasPdfPreview\" hidden class=\"wp-block-file__embed\" data=\"https:\/\/www.mairieberat.fr\/wp-content\/uploads\/18.122-PRO-08-a.pdf\" type=\"application\/pdf\" style=\"width:100%;height:600px\" aria-label=\"Contenu embarqu\u00e9 18.122-PRO-08-a.\"><\/object><a id=\"wp-block-file--media-0f4821fb-c9db-4b4e-bccf-36230f51b359\" href=\"https:\/\/www.mairieberat.fr\/wp-content\/uploads\/18.122-PRO-08-a.pdf\">18.122-PRO-08-a<\/a><a href=\"https:\/\/www.mairieberat.fr\/wp-content\/uploads\/18.122-PRO-08-a.pdf\" class=\"wp-block-file__button wp-element-button\" download aria-describedby=\"wp-block-file--media-0f4821fb-c9db-4b4e-bccf-36230f51b359\">T\u00e9l\u00e9charger<\/a><\/div>\n\n\n\n<p><\/p>\n","protected":false},"excerpt":{"rendered":"\n<p>Acquisition de mobilier neuf pour la future m\u00e9diath\u00e8que<\/p>\n<p>Date limite de r\u00e9ception des offres, jeudi 28 ao\u00fbt 2025 \u00e0 12h00.<\/p>\n<p>L\u2019avis de publicit\u00e9 est consultable sur :<\/p>\n<p>\u00b7 le site internet de la Mairie : https:\/\/www.mairieberat.fr\/<\/p>\n<p>. le site du profil acheteur : https:\/\/www.marches-securises.fr\/perso\/mgirod_repro<\/p>\n<p>. le BOAMP<\/p>\n<p>Le DCE est consultable et t\u00e9l\u00e9chargeable gratuitement sur :<\/p>\n<p>\u00b7 le site internet du profil acheteur : https:\/\/www.marches-securises.fr\/perso\/mgirod_repro<\/p>\n<p>\u00b7 le site internet de la Mairie : https:\/\/www.mairieberat.fr\/<\/p>\n<p> Avis-publicite_mobilier-mediathequeT\u00e9l\u00e9charger RC_mobilier-mediathequeT\u00e9l\u00e9charger CCAP_mobilier-mediathequeT\u00e9l\u00e9charger AE_mobilier-mediathequeT\u00e9l\u00e9charger 18.122-PRO-CCTP-Mobilier-bT\u00e9l\u00e9charger 18.122-PRO-BPU-MobilierT\u00e9l\u00e9charger 18.122-PRO-08-aT\u00e9l\u00e9charger <\/p>\n<p> &#8230; (Lire la suite <a href=\"https:\/\/www.mairieberat.fr\/?p=9172\">Publication march\u00e9 public de fournitures &#8211; Commune de B\u00e9rat<\/a>)<\/p>\n","protected":false},"author":1,"featured_media":0,"comment_status":"closed","ping_status":"open","sticky":false,"template":"","format":"standard","meta":{"footnotes":""},"categories":[9],"tags":[],"_links":{"self":[{"href":"https:\/\/www.mairieberat.fr\/index.php?rest_route=\/wp\/v2\/posts\/9172"}],"collection":[{"href":"https:\/\/www.mairieberat.fr\/index.php?rest_route=\/wp\/v2\/posts"}],"about":[{"href":"https:\/\/www.mairieberat.fr\/index.php?rest_route=\/wp\/v2\/types\/post"}],"author":[{"embeddable":true,"href":"https:\/\/www.mairieberat.fr\/index.php?rest_route=\/wp\/v2\/users\/1"}],"replies":[{"embeddable":true,"href":"https:\/\/www.mairieberat.fr\/index.php?rest_route=%2Fwp%2Fv2%2Fcomments&post=9172"}],"version-history":[{"count":3,"href":"https:\/\/www.mairieberat.fr\/index.php?rest_route=\/wp\/v2\/posts\/9172\/revisions"}],"predecessor-version":[{"id":9182,"href":"https:\/\/www.mairieberat.fr\/index.php?rest_route=\/wp\/v2\/posts\/9172\/revisions\/9182"}],"wp:attachment":[{"href":"https:\/\/www.mairieberat.fr\/index.php?rest_route=%2Fwp%2Fv2%2Fmedia&parent=9172"}],"wp:term":[{"taxonomy":"category","embeddable":true,"href":"https:\/\/www.mairieberat.fr\/index.php?rest_route=%2Fwp%2Fv2%2Fcategories&post=9172"},{"taxonomy":"post_tag","embeddable":true,"href":"https:\/\/www.mairieberat.fr\/index.php?rest_route=%2Fwp%2Fv2%2Ftags&post=9172"}],"curies":[{"name":"wp","href":"https:\/\/api.w.org\/{rel}","templated":true}]}}