{"id":8046,"date":"2024-02-14T11:56:29","date_gmt":"2024-02-14T10:56:29","guid":{"rendered":"http:\/\/www.mairieberat.fr\/?p=8046"},"modified":"2024-02-14T11:56:29","modified_gmt":"2024-02-14T10:56:29","slug":"le-composteur-collectif-est-arrive","status":"publish","type":"post","link":"https:\/\/www.mairieberat.fr\/?p=8046","title":{"rendered":"Le composteur collectif est arriv\u00e9"},"content":{"rendered":"\n<figure class=\"wp-block-image size-large\"><img loading=\"lazy\" decoding=\"async\" width=\"1024\" height=\"768\" src=\"http:\/\/www.mairieberat.fr\/wp-content\/uploads\/IMG_20240212_153411.jpg\" alt=\"\" class=\"wp-image-8047\" srcset=\"https:\/\/www.mairieberat.fr\/wp-content\/uploads\/IMG_20240212_153411.jpg 1024w, https:\/\/www.mairieberat.fr\/wp-content\/uploads\/IMG_20240212_153411-300x225.jpg 300w, https:\/\/www.mairieberat.fr\/wp-content\/uploads\/IMG_20240212_153411-768x576.jpg 768w, https:\/\/www.mairieberat.fr\/wp-content\/uploads\/IMG_20240212_153411-150x113.jpg 150w, https:\/\/www.mairieberat.fr\/wp-content\/uploads\/IMG_20240212_153411-400x300.jpg 400w\" sizes=\"(max-width: 1024px) 100vw, 1024px\" \/><\/figure>\n\n\n\n<p>Vous  n&rsquo;avez pas de jardin mais souhaitez valoriser vos biod\u00e9chets en compost  ? Vous pouvez d\u00e9sormais utiliser le composteur collectif situ\u00e9 Rte de  Gratens (\u00e0 l&rsquo;arri\u00e8re de la boulangerie et de la pizzeria), en suivant  les consignes. Un bio seau peut \u00e9galement vous \u00eatre remis en mairie,  dans la limite des quantit\u00e9s disponibles.Merci de votre participation et contribution au compostage.\u00a0<\/p>\n","protected":false},"excerpt":{"rendered":"\n<p>Vous n&rsquo;avez pas de jardin mais souhaitez valoriser vos biod\u00e9chets en compost ? Vous pouvez d\u00e9sormais utiliser le composteur collectif situ\u00e9 Rte de Gratens (\u00e0 l&rsquo;arri\u00e8re de la boulangerie et de la pizzeria), en suivant les consignes. Un bio seau peut \u00e9galement vous \u00eatre remis en mairie, dans la limite des quantit\u00e9s disponibles.Merci de votre participation et contribution au compostage. <\/p>\n","protected":false},"author":1,"featured_media":0,"comment_status":"closed","ping_status":"open","sticky":false,"template":"","format":"standard","meta":{"footnotes":""},"categories":[3,13],"tags":[],"_links":{"self":[{"href":"https:\/\/www.mairieberat.fr\/index.php?rest_route=\/wp\/v2\/posts\/8046"}],"collection":[{"href":"https:\/\/www.mairieberat.fr\/index.php?rest_route=\/wp\/v2\/posts"}],"about":[{"href":"https:\/\/www.mairieberat.fr\/index.php?rest_route=\/wp\/v2\/types\/post"}],"author":[{"embeddable":true,"href":"https:\/\/www.mairieberat.fr\/index.php?rest_route=\/wp\/v2\/users\/1"}],"replies":[{"embeddable":true,"href":"https:\/\/www.mairieberat.fr\/index.php?rest_route=%2Fwp%2Fv2%2Fcomments&post=8046"}],"version-history":[{"count":1,"href":"https:\/\/www.mairieberat.fr\/index.php?rest_route=\/wp\/v2\/posts\/8046\/revisions"}],"predecessor-version":[{"id":8048,"href":"https:\/\/www.mairieberat.fr\/index.php?rest_route=\/wp\/v2\/posts\/8046\/revisions\/8048"}],"wp:attachment":[{"href":"https:\/\/www.mairieberat.fr\/index.php?rest_route=%2Fwp%2Fv2%2Fmedia&parent=8046"}],"wp:term":[{"taxonomy":"category","embeddable":true,"href":"https:\/\/www.mairieberat.fr\/index.php?rest_route=%2Fwp%2Fv2%2Fcategories&post=8046"},{"taxonomy":"post_tag","embeddable":true,"href":"https:\/\/www.mairieberat.fr\/index.php?rest_route=%2Fwp%2Fv2%2Ftags&post=8046"}],"curies":[{"name":"wp","href":"https:\/\/api.w.org\/{rel}","templated":true}]}}