{"id":6411,"date":"2021-07-13T09:00:36","date_gmt":"2021-07-13T08:00:36","guid":{"rendered":"http:\/\/www.mairieberat.fr\/?p=6411"},"modified":"2021-07-13T09:00:36","modified_gmt":"2021-07-13T08:00:36","slug":"70-ans-de-la-cave-cooperative-de-berat-une-exposition-retrace-la-riche-histoire-du-vin-a-berat","status":"publish","type":"post","link":"https:\/\/www.mairieberat.fr\/?p=6411","title":{"rendered":"70 ans de la cave coop\u00e9rative de B\u00e9rat : une exposition retrace la riche histoire du vin \u00e0 B\u00e9rat"},"content":{"rendered":"\n<figure class=\"wp-block-image size-large\"><img loading=\"lazy\" decoding=\"async\" width=\"952\" height=\"657\" src=\"http:\/\/www.mairieberat.fr\/wp-content\/uploads\/image_0550753_20210217_ob_07d853_coope-berat-31-01-1.jpg\" alt=\"\" class=\"wp-image-6413\" srcset=\"https:\/\/www.mairieberat.fr\/wp-content\/uploads\/image_0550753_20210217_ob_07d853_coope-berat-31-01-1.jpg 952w, https:\/\/www.mairieberat.fr\/wp-content\/uploads\/image_0550753_20210217_ob_07d853_coope-berat-31-01-1-300x207.jpg 300w, https:\/\/www.mairieberat.fr\/wp-content\/uploads\/image_0550753_20210217_ob_07d853_coope-berat-31-01-1-768x530.jpg 768w, https:\/\/www.mairieberat.fr\/wp-content\/uploads\/image_0550753_20210217_ob_07d853_coope-berat-31-01-1-150x104.jpg 150w, https:\/\/www.mairieberat.fr\/wp-content\/uploads\/image_0550753_20210217_ob_07d853_coope-berat-31-01-1-400x276.jpg 400w\" sizes=\"(max-width: 952px) 100vw, 952px\" \/><\/figure>\n\n\n\n<p>Pr\u00e9vue pour \u00eatre initialement pr\u00e9sent\u00e9e le 14 juillet2020, puis lors des journ\u00e9es du patrimoine et enfin lors de la sortie des vins nouveaux en novembre 2020, cette exposition a pour origine le 70\u00e8me anniversaire de la cave coop\u00e9rative de B\u00e9rat, inaugur\u00e9e officiellement le 23 juillet 1950.<br><\/p>\n\n\n\n<p>Les contraintes sanitaires que nous connaissons tous ont, \u00e0\nchaque fois, entra\u00een\u00e9 l\u2019annulation de cette pr\u00e9sentation. Nous profiterons donc\nde ces journ\u00e9es estivales et festives de la semaine du 14 juillet 2021 pour\nvoir enfin pr\u00e9senter au public ce projet men\u00e9 par une \u00e9quipe de b\u00e9n\u00e9voles et de\npassionn\u00e9s de l\u2019histoire de B\u00e9rat. <\/p>\n\n\n\n<p>De nombreux panneaux, richement illustr\u00e9s, retraceront\nl\u2019histoire de la cave coop\u00e9rative et sa construction, l\u2019histoire de la vigne et\ndu vin \u00e0 B\u00e9rat et dans les environs depuis le Moyen-Age, l\u2019\u00e9volution des\ntravaux des vignobles au cours des si\u00e8cles et des photos in\u00e9dites des vendanges\nau milieu du XXe si\u00e8cle. De nombreux objets, outils et machines agricoles\nseront \u00e9galement pr\u00e9sent\u00e9s.<\/p>\n\n\n\n<p>Le vernissage aura lieu le mardi 13 juillet \u00e0 19h30 \u00e0 la\nsalle des f\u00eates.<\/p>\n\n\n\n<p>Exposition \u00e0 la salle des f\u00eates, entr\u00e9e libre du 13, \u00e0\npartir de 18h, au 18 juillet \u00e0 19h (mercredi, samedi et dimanche matin de 10h \u00e0\n12 h10, tous les apr\u00e8s-midis de 15h \u00e0 19h).<\/p>\n\n\n\n<figure class=\"wp-block-image size-large\"><img loading=\"lazy\" decoding=\"async\" width=\"732\" height=\"1024\" src=\"http:\/\/www.mairieberat.fr\/wp-content\/uploads\/Affiche-expo-vgnes-et-vin-732x1024.jpg\" alt=\"\" class=\"wp-image-6412\" srcset=\"https:\/\/www.mairieberat.fr\/wp-content\/uploads\/Affiche-expo-vgnes-et-vin-732x1024.jpg 732w, https:\/\/www.mairieberat.fr\/wp-content\/uploads\/Affiche-expo-vgnes-et-vin-215x300.jpg 215w, https:\/\/www.mairieberat.fr\/wp-content\/uploads\/Affiche-expo-vgnes-et-vin-768x1074.jpg 768w, https:\/\/www.mairieberat.fr\/wp-content\/uploads\/Affiche-expo-vgnes-et-vin-107x150.jpg 107w, https:\/\/www.mairieberat.fr\/wp-content\/uploads\/Affiche-expo-vgnes-et-vin-400x559.jpg 400w, https:\/\/www.mairieberat.fr\/wp-content\/uploads\/Affiche-expo-vgnes-et-vin.jpg 926w\" sizes=\"(max-width: 732px) 100vw, 732px\" \/><\/figure>\n","protected":false},"excerpt":{"rendered":"\n<p>Pr\u00e9vue pour \u00eatre initialement pr\u00e9sent\u00e9e le 14 juillet2020, puis lors des journ\u00e9es du patrimoine et enfin lors de la sortie des vins nouveaux en novembre 2020, cette exposition a pour origine le 70\u00e8me anniversaire de la cave coop\u00e9rative de B\u00e9rat, inaugur\u00e9e officiellement le 23 juillet 1950.<\/p>\n<p>Les contraintes sanitaires que nous connaissons tous ont, \u00e0 chaque fois, entra\u00een\u00e9 l\u2019annulation de cette pr\u00e9sentation. Nous profiterons donc de ces journ\u00e9es estivales et festives de la semaine du 14 juillet 2021 pour voir enfin pr\u00e9senter au public ce projet men\u00e9 par une \u00e9quipe de b\u00e9n\u00e9voles et de passionn\u00e9s de l\u2019histoire de B\u00e9rat. <\/p>\n<p>De nombreux panneaux, richement illustr\u00e9s, retraceront l\u2019histoire de la cave coop\u00e9rative et sa construction, l\u2019histoire de la vigne et du vin \u00e0 B\u00e9rat et dans les environs depuis le Moyen-Age, l\u2019\u00e9volution des travaux des vignobles au cours des si\u00e8cles et des photos in\u00e9dites des vendanges au milieu du XXe si\u00e8cle. De nombreux objets, outils et machines agricoles seront \u00e9galement pr\u00e9sent\u00e9s.<\/p>\n<p>Le vernissage aura lieu le mardi 13 juillet \u00e0 19h30 \u00e0 la salle des f\u00eates.<\/p>\n<p>Exposition \u00e0 la salle des f\u00eates, entr\u00e9e libre du 13, \u00e0 partir de 18h, au 18 juillet \u00e0 19h (mercredi, samedi et dimanche matin &#8230; (Lire la suite <a href=\"https:\/\/www.mairieberat.fr\/?p=6411\">70 ans de la cave coop\u00e9rative de B\u00e9rat : une exposition retrace la riche histoire du vin \u00e0 B\u00e9rat<\/a>)<\/p>\n","protected":false},"author":1,"featured_media":0,"comment_status":"closed","ping_status":"open","sticky":false,"template":"","format":"standard","meta":{"footnotes":""},"categories":[33],"tags":[],"_links":{"self":[{"href":"https:\/\/www.mairieberat.fr\/index.php?rest_route=\/wp\/v2\/posts\/6411"}],"collection":[{"href":"https:\/\/www.mairieberat.fr\/index.php?rest_route=\/wp\/v2\/posts"}],"about":[{"href":"https:\/\/www.mairieberat.fr\/index.php?rest_route=\/wp\/v2\/types\/post"}],"author":[{"embeddable":true,"href":"https:\/\/www.mairieberat.fr\/index.php?rest_route=\/wp\/v2\/users\/1"}],"replies":[{"embeddable":true,"href":"https:\/\/www.mairieberat.fr\/index.php?rest_route=%2Fwp%2Fv2%2Fcomments&post=6411"}],"version-history":[{"count":1,"href":"https:\/\/www.mairieberat.fr\/index.php?rest_route=\/wp\/v2\/posts\/6411\/revisions"}],"predecessor-version":[{"id":6414,"href":"https:\/\/www.mairieberat.fr\/index.php?rest_route=\/wp\/v2\/posts\/6411\/revisions\/6414"}],"wp:attachment":[{"href":"https:\/\/www.mairieberat.fr\/index.php?rest_route=%2Fwp%2Fv2%2Fmedia&parent=6411"}],"wp:term":[{"taxonomy":"category","embeddable":true,"href":"https:\/\/www.mairieberat.fr\/index.php?rest_route=%2Fwp%2Fv2%2Fcategories&post=6411"},{"taxonomy":"post_tag","embeddable":true,"href":"https:\/\/www.mairieberat.fr\/index.php?rest_route=%2Fwp%2Fv2%2Ftags&post=6411"}],"curies":[{"name":"wp","href":"https:\/\/api.w.org\/{rel}","templated":true}]}}