{"id":181,"date":"2014-04-11T21:39:54","date_gmt":"2014-04-11T20:39:54","guid":{"rendered":"http:\/\/www.mairieberat.fr\/?p=181"},"modified":"2020-06-08T22:37:44","modified_gmt":"2020-06-08T21:37:44","slug":"plu","status":"publish","type":"post","link":"https:\/\/www.mairieberat.fr\/?p=181","title":{"rendered":"PLU"},"content":{"rendered":"<p><!--more--><\/p>\n<div>\n<h3>Approbation<\/h3>\n<p>Le projet de PLU a \u00e9t\u00e9 approuv\u00e9 par le Conseil Municipal dans sa s\u00e9ance du 15 avril 2013.<br \/>\nIl a \u00e9t\u00e9 modifi\u00e9 le 24 f\u00e9vrier 2020 et est ex\u00e9cutoire depuis le 09 mars 2020<\/p>\n<h2 style=\"text-align: center;\"><\/h2>\n<h3 style=\"text-align: center;\">Plan Local d&rsquo;Urbanisme (PLU) 15\/04\/2013<br \/>\nmodifi\u00e9 le 24 f\u00e9vrier 2020<\/h3>\n<p align=\"center\">Le nouveau Plan Local d&rsquo;Urbanisme de B\u00e9rat est applicable.<br \/>\nVous trouverez le Plan de Zonage et le r\u00e8glement en libre consultation sur ce site en suivant les liens ci-apr\u00e8s:<\/p>\n<h3 style=\"text-align: center;\"><span style=\"color: #808080;\"><a href=\"http:\/\/www.mairieberat.fr\/wp-content\/uploads\/5-R\u00e8glement.pdf\" target=\"_blank\" rel=\"noopener noreferrer\"><span style=\"color: #808080;\">R\u00e8glement PLU<\/span><\/a><\/span><\/h3>\n<h3 align=\"center\"><span style=\"color: #808080;\"><a href=\"http:\/\/www.mairieberat.fr\/wp-content\/uploads\/1-Zonage-NORD.pdf\" target=\"_blank\" rel=\"noopener noreferrer\"><span style=\"color: #808080;\">Zonage NORD<\/span><\/a> &#8211;\u00a0<a href=\"http:\/\/www.mairieberat.fr\/wp-content\/uploads\/Zonage-Sud.pdf\" target=\"_blank\" rel=\"noopener noreferrer\"><span style=\"color: #808080;\">Zonage SUD<\/span><\/a> &#8211; <a href=\"http:\/\/www.mairieberat.fr\/wp-content\/uploads\/3-Zonage-CENTRE.pdf\" target=\"_blank\" rel=\"noopener noreferrer\"><span style=\"color: #808080;\">Zonage CENTRE<\/span><\/a><\/span><\/h3>\n<h3 align=\"center\"><a href=\"http:\/\/www.mairieberat.fr\/wp-content\/uploads\/Document-graphique-10000-1.pdf\" target=\"_blank\" rel=\"noopener noreferrer\"><span style=\"color: #999999;\"><span style=\"color: #808080;\">Document graphique 1\/10000 <\/span><\/span><\/a><\/h3>\n<h3 style=\"text-align: center;\"><a href=\"http:\/\/www.mairieberat.fr\/wp-content\/uploads\/7-OAP.pdf\"><span style=\"color: #808080;\">OAP<\/span><\/a><\/h3>\n<p align=\"center\">Ces documents, bien qu&rsquo;\u00e9tant les versions officielles et \u00e0 jour n&rsquo;ont aucun caract\u00e8re contractuel dans la version \u00e9lectronique en ligne, le document original d\u00e9pos\u00e9 en mairie faisant seul foi en cas de litige.<\/p>\n<p align=\"center\">Ces documents\u00a0sont au format PDF et n\u00e9cessitent <span style=\"color: #808080;\"><a href=\"http:\/\/get.adobe.com\/fr\/reader\/otherversions\/\" target=\"_blank\" rel=\"noopener noreferrer\"><span style=\"color: #808080;\">Adobe Reader<\/span><\/a><\/span> sur votre ordinateur. Si vous ne l&rsquo;avez pas, vous pouvez l&rsquo;obtenir gratuitement sur le site d&rsquo;<span style=\"color: #808080;\"><a href=\"http:\/\/get.adobe.com\/fr\/reader\/otherversions\/\" target=\"_blank\" rel=\"noopener noreferrer\"><span style=\"color: #808080;\">Adobe<\/span><\/a><\/span>.<\/p>\n<h3 style=\"text-align: center;\"><span style=\"color: #808080;\"><a href=\"http:\/\/www.mairieberat.fr\/wp-content\/uploads\/plan-des-SUP.pdf\" target=\"_blank\" rel=\"noopener noreferrer\"><span style=\"color: #808080;\">Plan des Servitudes d&rsquo;Utilit\u00e9 Publique<\/span><\/a><\/span><\/h3>\n<\/div>\n","protected":false},"excerpt":{"rendered":"<p>&#8230; (Lire la suite <a href=\"https:\/\/www.mairieberat.fr\/?p=181\">PLU<\/a>)<\/p>\n","protected":false},"author":1,"featured_media":0,"comment_status":"closed","ping_status":"open","sticky":false,"template":"","format":"standard","meta":{"footnotes":""},"categories":[10],"tags":[],"_links":{"self":[{"href":"https:\/\/www.mairieberat.fr\/index.php?rest_route=\/wp\/v2\/posts\/181"}],"collection":[{"href":"https:\/\/www.mairieberat.fr\/index.php?rest_route=\/wp\/v2\/posts"}],"about":[{"href":"https:\/\/www.mairieberat.fr\/index.php?rest_route=\/wp\/v2\/types\/post"}],"author":[{"embeddable":true,"href":"https:\/\/www.mairieberat.fr\/index.php?rest_route=\/wp\/v2\/users\/1"}],"replies":[{"embeddable":true,"href":"https:\/\/www.mairieberat.fr\/index.php?rest_route=%2Fwp%2Fv2%2Fcomments&post=181"}],"version-history":[{"count":24,"href":"https:\/\/www.mairieberat.fr\/index.php?rest_route=\/wp\/v2\/posts\/181\/revisions"}],"predecessor-version":[{"id":5507,"href":"https:\/\/www.mairieberat.fr\/index.php?rest_route=\/wp\/v2\/posts\/181\/revisions\/5507"}],"wp:attachment":[{"href":"https:\/\/www.mairieberat.fr\/index.php?rest_route=%2Fwp%2Fv2%2Fmedia&parent=181"}],"wp:term":[{"taxonomy":"category","embeddable":true,"href":"https:\/\/www.mairieberat.fr\/index.php?rest_route=%2Fwp%2Fv2%2Fcategories&post=181"},{"taxonomy":"post_tag","embeddable":true,"href":"https:\/\/www.mairieberat.fr\/index.php?rest_route=%2Fwp%2Fv2%2Ftags&post=181"}],"curies":[{"name":"wp","href":"https:\/\/api.w.org\/{rel}","templated":true}]}}