{"id":10447,"date":"2026-09-04T11:25:16","date_gmt":"2026-09-04T10:25:16","guid":{"rendered":"https:\/\/www.mairieberat.fr\/?p=10447"},"modified":"2026-09-04T11:25:16","modified_gmt":"2026-09-04T10:25:16","slug":"arrete-autorisant-la-fete-locale-de-berat-2026","status":"publish","type":"post","link":"https:\/\/www.mairieberat.fr\/?p=10447","title":{"rendered":"Arr\u00eat\u00e9 autorisant la f\u00eate locale de BERAT 2026"},"content":{"rendered":"\n<div data-wp-interactive=\"\" class=\"wp-block-file\"><object data-wp-bind--hidden=\"!selectors.core.file.hasPdfPreview\" hidden class=\"wp-block-file__embed\" data=\"https:\/\/www.mairieberat.fr\/wp-content\/uploads\/26-033-Arrete-autorisant-la-fete-locale-de-BERAT-2026.pdf\" type=\"application\/pdf\" style=\"width:100%;height:600px\" aria-label=\"Contenu embarqu\u00e9 26-033-Arrete-autorisant-la-fete-locale-de-BERAT-2026.\"><\/object><a id=\"wp-block-file--media-b3995c68-a694-4da0-bfa4-6afa6784471b\" href=\"https:\/\/www.mairieberat.fr\/wp-content\/uploads\/26-033-Arrete-autorisant-la-fete-locale-de-BERAT-2026.pdf\">26-033-Arrete-autorisant-la-fete-locale-de-BERAT-2026<\/a><a href=\"https:\/\/www.mairieberat.fr\/wp-content\/uploads\/26-033-Arrete-autorisant-la-fete-locale-de-BERAT-2026.pdf\" class=\"wp-block-file__button wp-element-button\" download aria-describedby=\"wp-block-file--media-b3995c68-a694-4da0-bfa4-6afa6784471b\">T\u00e9l\u00e9charger<\/a><\/div>\n","protected":false},"excerpt":{"rendered":"<p> 26-033-Arrete-autorisant-la-fete-locale-de-BERAT-2026T\u00e9l\u00e9charger <\/p>\n","protected":false},"author":1,"featured_media":0,"comment_status":"closed","ping_status":"open","sticky":false,"template":"","format":"standard","meta":{"footnotes":""},"categories":[3],"tags":[],"_links":{"self":[{"href":"https:\/\/www.mairieberat.fr\/index.php?rest_route=\/wp\/v2\/posts\/10447"}],"collection":[{"href":"https:\/\/www.mairieberat.fr\/index.php?rest_route=\/wp\/v2\/posts"}],"about":[{"href":"https:\/\/www.mairieberat.fr\/index.php?rest_route=\/wp\/v2\/types\/post"}],"author":[{"embeddable":true,"href":"https:\/\/www.mairieberat.fr\/index.php?rest_route=\/wp\/v2\/users\/1"}],"replies":[{"embeddable":true,"href":"https:\/\/www.mairieberat.fr\/index.php?rest_route=%2Fwp%2Fv2%2Fcomments&post=10447"}],"version-history":[{"count":1,"href":"https:\/\/www.mairieberat.fr\/index.php?rest_route=\/wp\/v2\/posts\/10447\/revisions"}],"predecessor-version":[{"id":10449,"href":"https:\/\/www.mairieberat.fr\/index.php?rest_route=\/wp\/v2\/posts\/10447\/revisions\/10449"}],"wp:attachment":[{"href":"https:\/\/www.mairieberat.fr\/index.php?rest_route=%2Fwp%2Fv2%2Fmedia&parent=10447"}],"wp:term":[{"taxonomy":"category","embeddable":true,"href":"https:\/\/www.mairieberat.fr\/index.php?rest_route=%2Fwp%2Fv2%2Fcategories&post=10447"},{"taxonomy":"post_tag","embeddable":true,"href":"https:\/\/www.mairieberat.fr\/index.php?rest_route=%2Fwp%2Fv2%2Ftags&post=10447"}],"curies":[{"name":"wp","href":"https:\/\/api.w.org\/{rel}","templated":true}]}}