{"id":10424,"date":"2026-09-02T13:35:56","date_gmt":"2026-09-02T12:35:56","guid":{"rendered":"https:\/\/www.mairieberat.fr\/?p=10424"},"modified":"2026-09-02T13:35:56","modified_gmt":"2026-09-02T12:35:56","slug":"des-nouveautes-a-lecole-elementaire","status":"publish","type":"post","link":"https:\/\/www.mairieberat.fr\/?p=10424","title":{"rendered":"Des nouveaut\u00e9s \u00e0 l\u2019\u00e9cole \u00e9l\u00e9mentaire"},"content":{"rendered":"\n<p>Pendant que les \u00e9l\u00e8ves profitaient de vacances bien m\u00e9rit\u00e9es, nos agents techniques \u00e9taient mobilis\u00e9s pour pr\u00e9parer la rentr\u00e9e.<\/p>\n\n\n\n<p>Cet \u00e9t\u00e9, ils ont r\u00e9alis\u00e9 un sous-bassement en bois dans l&rsquo;annexe de l&rsquo;\u00e9cole ainsi qu&rsquo;un cabanon destin\u00e9 aux animateurs de l&rsquo;ALAE. L&rsquo;annexe a \u00e9galement b\u00e9n\u00e9fici\u00e9 d&rsquo;un coup de neuf gr\u00e2ce \u00e0 des travaux de peinture r\u00e9alis\u00e9s par un prestataire, avant que nos agents d&rsquo;entretien n&rsquo;apportent la touche finale en pr\u00e9parant des locaux impeccables pour accueillir les \u00e9l\u00e8ves \u00e0 la rentr\u00e9e.<\/p>\n\n\n\n<p>Un grand merci \u00e0 l&rsquo;ensemble de nos agents pour leur travail et leur investissement.<\/p>\n\n\n\n<p>D\u00e9couvrez en images ces belles r\u00e9alisations<\/p>\n\n\n\n<figure class=\"wp-block-gallery has-nested-images columns-default is-cropped wp-block-gallery-1 is-layout-flex wp-block-gallery-is-layout-flex\">\n<figure class=\"wp-block-image size-large\"><img loading=\"lazy\" decoding=\"async\" width=\"1000\" height=\"750\" data-id=\"10425\" src=\"https:\/\/www.mairieberat.fr\/wp-content\/uploads\/travaux-ecole.jpg\" alt=\"\" class=\"wp-image-10425\" srcset=\"https:\/\/www.mairieberat.fr\/wp-content\/uploads\/travaux-ecole.jpg 1000w, https:\/\/www.mairieberat.fr\/wp-content\/uploads\/travaux-ecole-300x225.jpg 300w, https:\/\/www.mairieberat.fr\/wp-content\/uploads\/travaux-ecole-768x576.jpg 768w, https:\/\/www.mairieberat.fr\/wp-content\/uploads\/travaux-ecole-150x113.jpg 150w, https:\/\/www.mairieberat.fr\/wp-content\/uploads\/travaux-ecole-400x300.jpg 400w\" sizes=\"(max-width: 1000px) 100vw, 1000px\" \/><\/figure>\n\n\n\n<figure class=\"wp-block-image size-large\"><img loading=\"lazy\" decoding=\"async\" width=\"1000\" height=\"750\" data-id=\"10426\" src=\"https:\/\/www.mairieberat.fr\/wp-content\/uploads\/travaux-ecole-2.jpg\" alt=\"\" class=\"wp-image-10426\" srcset=\"https:\/\/www.mairieberat.fr\/wp-content\/uploads\/travaux-ecole-2.jpg 1000w, https:\/\/www.mairieberat.fr\/wp-content\/uploads\/travaux-ecole-2-300x225.jpg 300w, https:\/\/www.mairieberat.fr\/wp-content\/uploads\/travaux-ecole-2-768x576.jpg 768w, https:\/\/www.mairieberat.fr\/wp-content\/uploads\/travaux-ecole-2-150x113.jpg 150w, https:\/\/www.mairieberat.fr\/wp-content\/uploads\/travaux-ecole-2-400x300.jpg 400w\" sizes=\"(max-width: 1000px) 100vw, 1000px\" \/><\/figure>\n<\/figure>\n\n\n\n<figure class=\"wp-block-gallery has-nested-images columns-default is-cropped wp-block-gallery-2 is-layout-flex wp-block-gallery-is-layout-flex\">\n<figure class=\"wp-block-image size-large\"><img loading=\"lazy\" decoding=\"async\" width=\"769\" height=\"1024\" data-id=\"10427\" src=\"https:\/\/www.mairieberat.fr\/wp-content\/uploads\/travaux-ecole-3-769x1024.jpg\" alt=\"\" class=\"wp-image-10427\" srcset=\"https:\/\/www.mairieberat.fr\/wp-content\/uploads\/travaux-ecole-3-769x1024.jpg 769w, https:\/\/www.mairieberat.fr\/wp-content\/uploads\/travaux-ecole-3-225x300.jpg 225w, https:\/\/www.mairieberat.fr\/wp-content\/uploads\/travaux-ecole-3-768x1023.jpg 768w, https:\/\/www.mairieberat.fr\/wp-content\/uploads\/travaux-ecole-3-1153x1536.jpg 1153w, https:\/\/www.mairieberat.fr\/wp-content\/uploads\/travaux-ecole-3-1538x2048.jpg 1538w, https:\/\/www.mairieberat.fr\/wp-content\/uploads\/travaux-ecole-3-113x150.jpg 113w, https:\/\/www.mairieberat.fr\/wp-content\/uploads\/travaux-ecole-3-400x533.jpg 400w, https:\/\/www.mairieberat.fr\/wp-content\/uploads\/travaux-ecole-3-1320x1758.jpg 1320w, https:\/\/www.mairieberat.fr\/wp-content\/uploads\/travaux-ecole-3.jpg 1736w\" sizes=\"(max-width: 769px) 100vw, 769px\" \/><\/figure>\n\n\n\n<figure class=\"wp-block-image size-large\"><img loading=\"lazy\" decoding=\"async\" width=\"769\" height=\"1024\" data-id=\"10428\" src=\"https:\/\/www.mairieberat.fr\/wp-content\/uploads\/travaux-ecole-4-769x1024.jpg\" alt=\"\" class=\"wp-image-10428\" srcset=\"https:\/\/www.mairieberat.fr\/wp-content\/uploads\/travaux-ecole-4-769x1024.jpg 769w, https:\/\/www.mairieberat.fr\/wp-content\/uploads\/travaux-ecole-4-225x300.jpg 225w, https:\/\/www.mairieberat.fr\/wp-content\/uploads\/travaux-ecole-4-768x1023.jpg 768w, https:\/\/www.mairieberat.fr\/wp-content\/uploads\/travaux-ecole-4-1153x1536.jpg 1153w, https:\/\/www.mairieberat.fr\/wp-content\/uploads\/travaux-ecole-4-1538x2048.jpg 1538w, https:\/\/www.mairieberat.fr\/wp-content\/uploads\/travaux-ecole-4-113x150.jpg 113w, https:\/\/www.mairieberat.fr\/wp-content\/uploads\/travaux-ecole-4-400x533.jpg 400w, https:\/\/www.mairieberat.fr\/wp-content\/uploads\/travaux-ecole-4-1320x1758.jpg 1320w, https:\/\/www.mairieberat.fr\/wp-content\/uploads\/travaux-ecole-4.jpg 1736w\" sizes=\"(max-width: 769px) 100vw, 769px\" \/><\/figure>\n\n\n\n<figure class=\"wp-block-image size-large\"><img loading=\"lazy\" decoding=\"async\" width=\"769\" height=\"1024\" data-id=\"10429\" src=\"https:\/\/www.mairieberat.fr\/wp-content\/uploads\/travaux-ecole-5-769x1024.jpg\" alt=\"\" class=\"wp-image-10429\" srcset=\"https:\/\/www.mairieberat.fr\/wp-content\/uploads\/travaux-ecole-5-769x1024.jpg 769w, https:\/\/www.mairieberat.fr\/wp-content\/uploads\/travaux-ecole-5-225x300.jpg 225w, https:\/\/www.mairieberat.fr\/wp-content\/uploads\/travaux-ecole-5-768x1023.jpg 768w, https:\/\/www.mairieberat.fr\/wp-content\/uploads\/travaux-ecole-5-1153x1536.jpg 1153w, https:\/\/www.mairieberat.fr\/wp-content\/uploads\/travaux-ecole-5-1538x2048.jpg 1538w, https:\/\/www.mairieberat.fr\/wp-content\/uploads\/travaux-ecole-5-113x150.jpg 113w, https:\/\/www.mairieberat.fr\/wp-content\/uploads\/travaux-ecole-5-400x533.jpg 400w, https:\/\/www.mairieberat.fr\/wp-content\/uploads\/travaux-ecole-5-1320x1758.jpg 1320w, https:\/\/www.mairieberat.fr\/wp-content\/uploads\/travaux-ecole-5.jpg 1736w\" sizes=\"(max-width: 769px) 100vw, 769px\" \/><\/figure>\n<\/figure>\n","protected":false},"excerpt":{"rendered":"\n<p>Pendant que les \u00e9l\u00e8ves profitaient de vacances bien m\u00e9rit\u00e9es, nos agents techniques \u00e9taient mobilis\u00e9s pour pr\u00e9parer la rentr\u00e9e.<\/p>\n<p>Cet \u00e9t\u00e9, ils ont r\u00e9alis\u00e9 un sous-bassement en bois dans l&rsquo;annexe de l&rsquo;\u00e9cole ainsi qu&rsquo;un cabanon destin\u00e9 aux animateurs de l&rsquo;ALAE. L&rsquo;annexe a \u00e9galement b\u00e9n\u00e9fici\u00e9 d&rsquo;un coup de neuf gr\u00e2ce \u00e0 des travaux de peinture r\u00e9alis\u00e9s par un prestataire, avant que nos agents d&rsquo;entretien n&rsquo;apportent la touche finale en pr\u00e9parant des locaux impeccables pour accueillir les \u00e9l\u00e8ves \u00e0 la rentr\u00e9e.<\/p>\n<p>Un grand merci \u00e0 l&rsquo;ensemble de nos agents pour leur travail et leur investissement.<\/p>\n<p>D\u00e9couvrez en images ces belles r\u00e9alisations<\/p>\n<p> &#8230; (Lire la suite <a href=\"https:\/\/www.mairieberat.fr\/?p=10424\">Des nouveaut\u00e9s \u00e0 l\u2019\u00e9cole \u00e9l\u00e9mentaire<\/a>)<\/p>\n","protected":false},"author":1,"featured_media":0,"comment_status":"closed","ping_status":"open","sticky":false,"template":"","format":"standard","meta":{"footnotes":""},"categories":[12],"tags":[],"_links":{"self":[{"href":"https:\/\/www.mairieberat.fr\/index.php?rest_route=\/wp\/v2\/posts\/10424"}],"collection":[{"href":"https:\/\/www.mairieberat.fr\/index.php?rest_route=\/wp\/v2\/posts"}],"about":[{"href":"https:\/\/www.mairieberat.fr\/index.php?rest_route=\/wp\/v2\/types\/post"}],"author":[{"embeddable":true,"href":"https:\/\/www.mairieberat.fr\/index.php?rest_route=\/wp\/v2\/users\/1"}],"replies":[{"embeddable":true,"href":"https:\/\/www.mairieberat.fr\/index.php?rest_route=%2Fwp%2Fv2%2Fcomments&post=10424"}],"version-history":[{"count":1,"href":"https:\/\/www.mairieberat.fr\/index.php?rest_route=\/wp\/v2\/posts\/10424\/revisions"}],"predecessor-version":[{"id":10430,"href":"https:\/\/www.mairieberat.fr\/index.php?rest_route=\/wp\/v2\/posts\/10424\/revisions\/10430"}],"wp:attachment":[{"href":"https:\/\/www.mairieberat.fr\/index.php?rest_route=%2Fwp%2Fv2%2Fmedia&parent=10424"}],"wp:term":[{"taxonomy":"category","embeddable":true,"href":"https:\/\/www.mairieberat.fr\/index.php?rest_route=%2Fwp%2Fv2%2Fcategories&post=10424"},{"taxonomy":"post_tag","embeddable":true,"href":"https:\/\/www.mairieberat.fr\/index.php?rest_route=%2Fwp%2Fv2%2Ftags&post=10424"}],"curies":[{"name":"wp","href":"https:\/\/api.w.org\/{rel}","templated":true}]}}